{"id":212,"date":"2025-08-22T19:35:26","date_gmt":"2025-08-22T17:35:26","guid":{"rendered":"http:\/\/chorfamilie-dernbach.de\/?p=212"},"modified":"2025-08-22T19:35:26","modified_gmt":"2025-08-22T17:35:26","slug":"2-derwischer-chorywurstfest","status":"publish","type":"post","link":"https:\/\/chorfamilie-dernbach.de\/?p=212","title":{"rendered":"2. Derwischer ChoRYWURSTFEST"},"content":{"rendered":"\n<p><em><strong>Die Chorfamilie Beethoven l\u00e4dt zum 2. DERWISCHER ChorRYWURSTFEST<\/strong><\/em><\/p>\n\n\n\n<p><em>Am Samstag, 27.09.2025, l\u00e4dt die Chorfamilie Beethoven zum zweiten Mal alle Currywurstfans aus Nah und Fern nach Dernbach ein. Auf dem Au\u00dfengel\u00e4nde am Sportlerheim (Burgsportanlage, Burgweg) steht ab 17 Uhr alles unter dem Motto &#8222;Ran an die Wurst&#8220;. Unsere G\u00e4ste k\u00f6nnen sich auf f\u00fcnf Saucen von mild bis scharf freuen, so dass f\u00fcr jeden Geschmack etwas dabei ist. F\u00fcr diejenigen, die keine Freunde der &#8222;Currywurst mit Pommes und Sauce \u00fcber alles&#8220; sind, gibt es &#8222;Pommes spezial&#8220; mit verschiedenen Toppings (vegetarisch). Dazu gibt es nat\u00fcrlich k\u00fchle Getr\u00e4nke und in diesem Jahr erstmalig frisch gezapftes Bier.<\/em><\/p>\n\n\n\n<p><em>Wer sich vor oder nach dem Schlemmen noch sportlich bet\u00e4tigen m\u00f6chte, ist herzlich eingeladen zum Pokal-Torwandschie\u00dfen, denn &#8222;CHORaz\u00f3n sucht den TORaz\u00f3n&#8220;. Die Anmeldung hierf\u00fcr erfolgt vor Ort. F\u00fcr die j\u00fcngeren G\u00e4ste steht au\u00dferdem erstmalig das Spielmobil bereit.&nbsp;<\/em><\/p>\n\n\n\n<p><em>Sollte uns Petrus einen Strich durch die Rechnung machen, ist das f\u00fcr uns kein Grund auf Genuss und Geselligkeit zu verzichten. Das Sportlerheim bietet unseren G\u00e4sten ein Dach \u00fcber dem Kopf und nat\u00fcrlich k\u00f6nnen unsere Speisen auch mitgenommen werden. Es lohnt sich also in jedem Fall, vorbeizuschauen!<\/em><\/p>\n","protected":false},"excerpt":{"rendered":"<p>Die Chorfamilie Beethoven l\u00e4dt zum 2. DERWISCHER ChorRYWURSTFEST Am Samstag, 27.09.2025, l\u00e4dt die Chorfamilie Beethoven zum zweiten Mal alle Currywurstfans aus Nah und Fern nach Dernbach ein. Auf dem Au\u00dfengel\u00e4nde am Sportlerheim (Burgsportanlage, Burgweg) steht ab 17 Uhr alles unter dem Motto &#8222;Ran an die Wurst&#8220;. Unsere G\u00e4ste k\u00f6nnen sich auf f\u00fcnf Saucen von mild [&hellip;]<\/p>\n","protected":false},"author":2,"featured_media":213,"comment_status":"closed","ping_status":"","sticky":false,"template":"","format":"standard","meta":{"footnotes":""},"categories":[1],"tags":[],"class_list":["post-212","post","type-post","status-publish","format-standard","has-post-thumbnail","hentry","category-allgemein"],"_links":{"self":[{"href":"https:\/\/chorfamilie-dernbach.de\/index.php?rest_route=\/wp\/v2\/posts\/212","targetHints":{"allow":["GET"]}}],"collection":[{"href":"https:\/\/chorfamilie-dernbach.de\/index.php?rest_route=\/wp\/v2\/posts"}],"about":[{"href":"https:\/\/chorfamilie-dernbach.de\/index.php?rest_route=\/wp\/v2\/types\/post"}],"author":[{"embeddable":true,"href":"https:\/\/chorfamilie-dernbach.de\/index.php?rest_route=\/wp\/v2\/users\/2"}],"replies":[{"embeddable":true,"href":"https:\/\/chorfamilie-dernbach.de\/index.php?rest_route=%2Fwp%2Fv2%2Fcomments&post=212"}],"version-history":[{"count":1,"href":"https:\/\/chorfamilie-dernbach.de\/index.php?rest_route=\/wp\/v2\/posts\/212\/revisions"}],"predecessor-version":[{"id":214,"href":"https:\/\/chorfamilie-dernbach.de\/index.php?rest_route=\/wp\/v2\/posts\/212\/revisions\/214"}],"wp:featuredmedia":[{"embeddable":true,"href":"https:\/\/chorfamilie-dernbach.de\/index.php?rest_route=\/wp\/v2\/media\/213"}],"wp:attachment":[{"href":"https:\/\/chorfamilie-dernbach.de\/index.php?rest_route=%2Fwp%2Fv2%2Fmedia&parent=212"}],"wp:term":[{"taxonomy":"category","embeddable":true,"href":"https:\/\/chorfamilie-dernbach.de\/index.php?rest_route=%2Fwp%2Fv2%2Fcategories&post=212"},{"taxonomy":"post_tag","embeddable":true,"href":"https:\/\/chorfamilie-dernbach.de\/index.php?rest_route=%2Fwp%2Fv2%2Ftags&post=212"}],"curies":[{"name":"wp","href":"https:\/\/api.w.org\/{rel}","templated":true}]}}